{"id":14987,"date":"2021-03-05T10:39:55","date_gmt":"2021-03-05T09:39:55","guid":{"rendered":"https:\/\/www.nedgia.es\/sala-de-prensa\/conectem-a-la-nostra-xarxa-una-gasinera-privada-de-la-mancomunitat-de-la-comarca-de-pamplona\/"},"modified":"2021-03-05T10:39:55","modified_gmt":"2021-03-05T09:39:55","slug":"conectem-a-la-nostra-xarxa-una-gasinera-privada-de-la-mancomunitat-de-la-comarca-de-pamplona","status":"publish","type":"sala-de-prensa","link":"https:\/\/www.nedgia.es\/ca\/actualitat-nedgia\/conectem-a-la-nostra-xarxa-una-gasinera-privada-de-la-mancomunitat-de-la-comarca-de-pamplona\/","title":{"rendered":"Connectem a la nostra xarxa una gasinera privada de la Mancomunitat de la Comarca de Pamplona"},"content":{"rendered":"<div class=\"wpb-content-wrapper\"><script>    var municipio_no_encontrado = \"Municipio no encontrado.\";    var direccion_no_encontrada = \"Direcci\u00f3n no encontrada. No utilices el tipo de v\u00eda como calle, avenida etc. y revisa que est\u00e1 bien escrito.\";        var piso_no_encontrado = \"Piso no encontrado.\";    var campo_obligatorio = \"Campo obligatorio.\";    var email_incorrecto = \"El campo deber\u00eda ser direccion@dominio.es\";    var formato_incorrecto = \"Formato incorrecto\";    var seleccionar_condiciones = \"Debe seleccionar las condiciones legales.\";    var formato_dni = \"El campo deber\u00eda tener el siguiente formato: 12345678Z o Y8237411K\";    var emails_no_coinciden = \"Los emails no coinciden.\";    var telefono_caracteres = \"El tel\u00e9fono debe tener 9 caracteres.\";    var campo_incorrecto = \"Campo incorrecto\";    var escalera = \"Escalera\";    var bloque = \"Bloque\";    var piso = \"Piso\";    var puerta = \"Puerta\";    var NoZonaNedgia = \"Lo sentimos pero tu domicilio no est\u00e1 en la zona donde Nedgia\u00a0 distribuye gas natural. Encuentra la Empresa Distribuidora que te corresponde en el siguiente \";        var link =  \"link\";    var aqui =  \"aqu\u00ed\";    var FincaNoInmuebleCertificadoNo_1 = \"Nos consta que ya tienes gas natural en tu finca. Ahora el siguiente paso ser\u00e1 realizar la instalaci\u00f3n en tu vivienda, contactando con un instalador autorizado. Te explicamos como hacerlo \";    var FincaNoInmuebleCertificadoNo_2 = \"Si la informaci\u00f3n de nuestro sistema no la consideras correcta, ll\u00e1manos al 900 100 252.\";    var FincaEInmueble_1 = \"Nos consta que ya dispones de suministro de gas natural en tu domicilio.\";    var FincaEInmueble_2 = \"Si la informaci\u00f3n de nuestro sistema no la consideras correcta, ll\u00e1manos al 900 100 252.\";        var FincaNoInmuebleCertificadoSi_1 = \"Nos consta que ya tienes la instalaci\u00f3n de gas natural en tu domicilio realizada. Ahora solo te falta gestionar el contrato de gas natural con una empresa comercializadora. Te explicamos como hacerlo. \";    var FincaNoInmuebleCertificadoSi_2 = \"Si la informaci\u00f3n de nuestro sistema no la consideras correcta, ll\u00e1manos al 900 100 252.\";    var SelecNum = \"Selec. Num.\";    var SelecBloqueEscalera = \"Selec. Bloque Escalera Piso Puerta\";    var NumeroPiso = \"N\u00famero\";    var BloqueEscaleraPisoPuerta = \"Bloque Escalera Piso Puerta\";<\/script><script>    var municipio_no_encontrado = \"Municipio no encontrado.\";    var direccion_no_encontrada = \"Direcci\u00f3n no encontrada. No utilices el tipo de v\u00eda como calle, avenida etc. y revisa que est\u00e1 bien escrito.\";    var piso_no_encontrado = \"Piso no encontrado.\";    var campo_obligatorio = \"Campo obligatorio.\";    var email_incorrecto = \"El campo deber\u00eda ser direccion@dominio.es\";    var formato_incorrecto = \"Formato incorrecto\";    var seleccionar_politica_privacidad = \"Debe seleccionar los t\u00e9rminos y condiciones.\";    var seleccionar_condiciones = \"Debe seleccionar las condiciones legales.\";    var formato_dni = \"El campo deber\u00eda tener el siguiente formato: 12345678Z o Y8237411K\";    var emails_no_coinciden = \"Los emails no coinciden.\";    var telefono_caracteres = \"El tel\u00e9fono debe tener 9 caracteres.\";    var campo_incorrecto = \"Campo incorrecto\";    var escalera = \"Escalera\";    var bloque = \"Bloque\";    var piso = \"Piso\";    var puerta = \"Puerta\";    var NoZonaNedgia = \"Lo sentimos pero tu domicilio no est\u00e1 en la zona donde Nedgia\u00a0 distribuye gas natural. Encuentra la Empresa Distribuidora que te corresponde en el siguiente \";    var link = \"link\";    var aqui = \"aqu\u00ed\";    var FincaNoInmuebleCertificadoNo_1 = \"Nos consta que ya tienes gas natural en tu finca. Ahora el siguiente paso ser\u00e1 realizar la instalaci\u00f3n en tu vivienda, contactando con un instalador autorizado. Te explicamos como hacerlo \";    var FincaNoInmuebleCertificadoNo_2 = \"Si la informaci\u00f3n de nuestro sistema no la consideras correcta, ll\u00e1manos al 900 100 252.\";    var FincaEInmueble_1 = \"Nos consta que ya dispones de suministro de gas natural en tu domicilio.\";    var FincaEInmueble_2 = \"Si la informaci\u00f3n de nuestro sistema no la consideras correcta, ll\u00e1manos al 900 100 252.\";    var FincaNoInmuebleCertificadoSi_1 = \"Nos consta que ya tienes la instalaci\u00f3n de gas natural en tu domicilio realizada. Ahora solo te falta gestionar el contrato de gas natural con una empresa comercializadora. Te explicamos como hacerlo. \";    var FincaNoInmuebleCertificadoSi_2 = \"Si la informaci\u00f3n de nuestro sistema no la consideras correcta, ll\u00e1manos al 900 100 252.\";    var SelecNum = \"Selec. Num.\";    var SelecBloqueEscalera = \"Selec. Bloque Escalera Piso Puerta\";    var NumeroPiso = \"N\u00famero\";    var BloqueEscaleraPisoPuerta = \"Bloque Escalera Piso Puerta\";<\/script><p>Continuem augmentant el nombre de connexions a la nostra xarxa de noves instal\u00b7lacions de prove\u00efment de gas natural. Avui s\u2019ha posat en marxa una nova gasinera privada a les instal\u00b7lacions de la Mancomunitat de la Comarca de Pamplona (MCP), en la qual es proveiran els vehicles del servei d\u2019aig\u00fces.<br \/>[vc_row][vc_column][vc_column_text]<\/p><p class=\"x_MsoNormal\"><span lang=\"ES-TRAD\">La nova instal\u00b7laci\u00f3 disposa d\u2019un assortidor amb doble m\u00e0nega per al prove\u00efment de vehicles de gas natural comprimit (GNC), que permet que puguin omplir el dip\u00f2sit, simult\u00e0niament, un vehicle lleuger en 3 minuts i un altre de pesant en 10 minuts.<\/span><\/p><p class=\"x_MsoNormal\"><span lang=\"ES-TRAD\">L\u2019\u00fas del gas natural com a carburant millorar\u00e0 la qualitat de l\u2019aire de la Comarca de Pamplona, ja que redueix en m\u00e9s d\u2019un 85% les emissions d\u2019\u00f2xids de nitrogen i en gaireb\u00e9 el 100% les part\u00edcules en suspensi\u00f3, principals contaminants que afecten la salut humana. A m\u00e9s, els motors de gas natural produeixen fins a un 50% menys d&#8217;emissi\u00f3 sonora i vibracions que els motors di\u00e8sel.<\/span><\/p><p class=\"x_MsoNormal\"><span lang=\"ES-TRAD\">A m\u00e9s dels avantatges ambientals, la Mancomunitat aconseguir\u00e0 estalviar, en un sol any, m\u00e9s de 31.000 euros (un 40%), ja que el gas natural \u00e9s un combustible molt competitiu des del punt de vista econ\u00f2mic si es compara amb el gasoil i la gasolina, i es poden assolir estalvis d\u2019entre el 25% i el 50% en funci\u00f3 de la soluci\u00f3 adoptada.<\/span><\/p><h4 class=\"x_MsoNormal\">Nou projecte integral de gas renovable<\/h4><p class=\"x_MsoNormal\"><span lang=\"ES-TRAD\">Aquesta nova instal\u00b7laci\u00f3 forma part d\u2019un projecte integral en el qual estem col\u00b7laborant amb la Mancomunitat de la Comarca de Pamplona per generar gas renovable. La Mancomunitat t\u00e9 prevista la construcci\u00f3 de dues instal\u00b7lacions de generaci\u00f3 de gas renovable o biomet\u00e0 que injectaran m\u00e9s de 70 GWh de gas verd a la xarxa de la nostra filial Nedgia Navarra, i que utilitzaran com a mat\u00e8ria primera el biog\u00e0s procedent de la digesti\u00f3 de la recollida dels residus urbans i de la digesti\u00f3 de l\u2019actual estaci\u00f3 depuradora d\u2019aig\u00fces residuals d\u2019Arazuri.<\/span><span lang=\"ES-TRAD\">\u00a0<\/span><\/p><p class=\"x_MsoNormal\"><span lang=\"ES-TRAD\">A m\u00e9s, aquest gas renovable tamb\u00e9 mour\u00e0 els camions del servei de recollida d\u2019escombraries i els autobusos del transport urb\u00e0 comarcal, que disposaran de la seva pr\u00f2pia estaci\u00f3 de prove\u00efment de gas renovable a les seves respectives instal\u00b7lacions.<\/span><\/p><p class=\"x_MsoNormal\"><span lang=\"ES-TRAD\">Amb la posada en marxa d\u2019aquest important projecte, que generar\u00e0 aproximadament 70 GWh de gas renovable a l\u2019any, que equivalen al consum de 14.000 llars espanyoles, es deixaran d\u2019emetre a l\u2019atmosfera 17.000 tones de CO<sub>2<\/sub>, equivalents a la plantaci\u00f3 de gaireb\u00e9 800.000 arbres.<\/span><\/p><p class=\"x_MsoNormal\"><span lang=\"ES-TRAD\">Aquest projecte, que suposa un\u00a0<\/span><span lang=\"ES-TRAD\">gran pas endavant en el nostre comprom\u00eds amb la descarbonitzaci\u00f3 i l\u2019economia circular,\u00a0<\/span><span lang=\"ES-TRAD\">\u00e9s possible gr\u00e0cies a la fortalesa de la xarxa de distribuci\u00f3 de gas natural, en la qual s\u2019han realitzat importants inversions els darrers anys perqu\u00e8 ja puguin distribuir gas renovable i tamb\u00e9 hidrogen a mitj\u00e0 termini.<\/span><\/p><p>[\/vc_column_text][vc_single_image image=&#8221;5153&#8243; img_size=&#8221;full&#8221;][vc_column_text]<\/p><h4 class=\"x_MsoNormal\">Una aposta eficient i sostenible<\/h4><p class=\"x_MsoNormal\"><span lang=\"ES-TRAD\">La mobilitat sostenible amb gas natural \u00e9s l\u2019\u00fanica alternativa que ofereix solucions per a totes les necessitats de mobilitat, des del transport de mercaderies de llarg recorregut fins als despla\u00e7aments urbans.<\/span><\/p><p class=\"x_MsoNormal\"><span lang=\"ES-TRAD\">A m\u00e9s, els vehicles que utilitzen aquest combustible tenen l\u2019etiqueta ECO de la Direcci\u00f3 General de Tr\u00e0nsit, per la qual cosa gaudeixen de diversos avantatges, com el lliure acc\u00e9s al centre de les ciutats en per\u00edodes de restriccions d\u2019acc\u00e9s per episodis d\u2019alta contaminaci\u00f3, d\u2019incentius fiscals i de bonificacions a les zones d\u2019estacionament regulat, entre d\u2019altres.<\/span><\/p><p class=\"x_MsoNormal\"><span lang=\"ES-TRAD\">Segons dades de GASNAM, l\u2019associaci\u00f3 ib\u00e8rica que promou el gas natural, el gas renovable i l\u2019hidrogen en la\u00a0mobilitat\u00a0terrestre i mar\u00edtima, el parc de vehicles de gas natural continua creixent al nostre pa\u00eds i va tancar l\u2019exercici passat amb gaireb\u00e9 30.000 unitats, un 25% m\u00e9s que el 2019. L\u2019increment m\u00e9s notable es va produir en el segment dels turismes, que va cr\u00e9ixer un 30%, seguit pel de les furgonetes, que ja voregen les 5.400 unitats, un 27% m\u00e9s.<\/span><\/p><h5 class=\"x_MsoNormal\"><i>Sobre la Mancomunitat de la Comarca de Pamplona<\/i><\/h5><p class=\"x_MsoNormal\"><i><span lang=\"ES-TRAD\">Fundada el 1982, la Mancomunitat de la Comarca de Pamplona \u00e9s una entitat local integrada per 50 municipis, entre els quals es troba Pamplona, que \u00e9s\u00a0titular dels serveis p\u00fablics seg\u00fcents: cicle integral de l\u2019aigua (prove\u00efment, sanejament i depuraci\u00f3 de les aig\u00fces residuals), recollida i tractament dels residus, transport urb\u00e0 comarcal, servei de taxi i parc fluvial de la comarca. La Mancomunitat va adoptar com a forma de gesti\u00f3 dels serveis \u2013tant del de prove\u00efment i sanejament d\u2019aigua, com del de gesti\u00f3 de residus i parc fluvial de la comarca\u2013 el definit legalment com a gesti\u00f3 directa a trav\u00e9s de societat mercantil, el capital de la qual pertany \u00edntegrament a la Mancomunitat i la denominaci\u00f3 de la qual \u00e9s \u201cServicios de la Comarca de Pamplona, Sociedad An\u00f3nima\u201d.\u00a0 El 2020 la poblaci\u00f3 pertanyent a tots els municipis integrats en la Mancomunitat era de m\u00e9s de 379.000 habitants.<\/span><\/i><\/p><p>[\/vc_column_text][\/vc_column][\/vc_row]<\/p><\/div>","protected":false},"excerpt":{"rendered":"<p>Continuem augmentant el nombre de connexions a la nostra xarxa de noves instal\u00b7lacions de prove\u00efment de gas natural. Avui s\u2019ha posat en marxa una nova gasinera privada a les instal\u00b7lacions de la Mancomunitat de la Comarca de Pamplona (MCP), en la qual es proveiran els vehicles del servei d\u2019aig\u00fces.<\/p>\n","protected":false},"featured_media":12067,"parent":0,"menu_order":0,"template":"","categories":[130],"categoria_actualidad_nedgia":[285],"class_list":["post-14987","sala-de-prensa","type-sala-de-prensa","status-publish","has-post-thumbnail","hentry","category-mobilitat","categoria_actualidad_nedgia-mobilitat"],"acf":[],"_links":{"self":[{"href":"https:\/\/www.nedgia.es\/ca\/wp-json\/wp\/v2\/sala-de-prensa\/14987","targetHints":{"allow":["GET"]}}],"collection":[{"href":"https:\/\/www.nedgia.es\/ca\/wp-json\/wp\/v2\/sala-de-prensa"}],"about":[{"href":"https:\/\/www.nedgia.es\/ca\/wp-json\/wp\/v2\/types\/sala-de-prensa"}],"version-history":[{"count":0,"href":"https:\/\/www.nedgia.es\/ca\/wp-json\/wp\/v2\/sala-de-prensa\/14987\/revisions"}],"wp:featuredmedia":[{"embeddable":true,"href":"https:\/\/www.nedgia.es\/ca\/wp-json\/wp\/v2\/media\/12067"}],"wp:attachment":[{"href":"https:\/\/www.nedgia.es\/ca\/wp-json\/wp\/v2\/media?parent=14987"}],"wp:term":[{"taxonomy":"category","embeddable":true,"href":"https:\/\/www.nedgia.es\/ca\/wp-json\/wp\/v2\/categories?post=14987"},{"taxonomy":"categoria_actualidad_nedgia","embeddable":true,"href":"https:\/\/www.nedgia.es\/ca\/wp-json\/wp\/v2\/categoria_actualidad_nedgia?post=14987"}],"curies":[{"name":"wp","href":"https:\/\/api.w.org\/{rel}","templated":true}]}}