{"id":35444,"date":"2026-04-22T15:30:03","date_gmt":"2026-04-22T13:30:03","guid":{"rendered":"https:\/\/www.nedgia.es\/actualidad-nedgia\/nedgia-participa-en-el-grid-ready-forum-de-brussel%c2%b7les-per-avanar-en-la-integraci-del-gas-verd-a-europa\/"},"modified":"2026-04-27T19:43:16","modified_gmt":"2026-04-27T17:43:16","slug":"nedgia-participa-en-el-grid-ready-forum-de-brussel%c2%b7les-per-avanar-en-la-integraci-del-gas-verd-a-europa","status":"publish","type":"sala-de-prensa","link":"https:\/\/www.nedgia.es\/ca\/actualitat-nedgia\/nedgia-participa-en-el-grid-ready-forum-de-brussel%c2%b7les-per-avanar-en-la-integraci-del-gas-verd-a-europa\/","title":{"rendered":"Nedgia participa en el Grid Ready Forum de Brussel\u00b7les per avan&ccedil;ar en la integraci&oacute; del gas verd a Europa"},"content":{"rendered":"<script>    var municipio_no_encontrado = \"Municipio no encontrado.\";    var direccion_no_encontrada = \"Direcci\u00f3n no encontrada. No utilices el tipo de v\u00eda como calle, avenida etc. y revisa que est\u00e1 bien escrito.\";        var piso_no_encontrado = \"Piso no encontrado.\";    var campo_obligatorio = \"Campo obligatorio.\";    var email_incorrecto = \"El campo deber\u00eda ser direccion@dominio.es\";    var formato_incorrecto = \"Formato incorrecto\";    var seleccionar_condiciones = \"Debe seleccionar las condiciones legales.\";    var formato_dni = \"El campo deber\u00eda tener el siguiente formato: 12345678Z o Y8237411K\";    var emails_no_coinciden = \"Los emails no coinciden.\";    var telefono_caracteres = \"El tel\u00e9fono debe tener 9 caracteres.\";    var campo_incorrecto = \"Campo incorrecto\";    var escalera = \"Escalera\";    var bloque = \"Bloque\";    var piso = \"Piso\";    var puerta = \"Puerta\";    var NoZonaNedgia = \"Lo sentimos pero tu domicilio no est\u00e1 en la zona donde Nedgia\u00a0 distribuye gas natural. Encuentra la Empresa Distribuidora que te corresponde en el siguiente \";        var link =  \"link\";    var aqui =  \"aqu\u00ed\";    var FincaNoInmuebleCertificadoNo_1 = \"Nos consta que ya tienes gas natural en tu finca. Ahora el siguiente paso ser\u00e1 realizar la instalaci\u00f3n en tu vivienda, contactando con un instalador autorizado. Te explicamos como hacerlo \";    var FincaNoInmuebleCertificadoNo_2 = \"Si la informaci\u00f3n de nuestro sistema no la consideras correcta, ll\u00e1manos al 900 100 252.\";    var FincaEInmueble_1 = \"Nos consta que ya dispones de suministro de gas natural en tu domicilio.\";    var FincaEInmueble_2 = \"Si la informaci\u00f3n de nuestro sistema no la consideras correcta, ll\u00e1manos al 900 100 252.\";        var FincaNoInmuebleCertificadoSi_1 = \"Nos consta que ya tienes la instalaci\u00f3n de gas natural en tu domicilio realizada. Ahora solo te falta gestionar el contrato de gas natural con una empresa comercializadora. Te explicamos como hacerlo. \";    var FincaNoInmuebleCertificadoSi_2 = \"Si la informaci\u00f3n de nuestro sistema no la consideras correcta, ll\u00e1manos al 900 100 252.\";    var SelecNum = \"Selec. Num.\";    var SelecBloqueEscalera = \"Selec. Bloque Escalera Piso Puerta\";    var NumeroPiso = \"N\u00famero\";    var BloqueEscaleraPisoPuerta = \"Bloque Escalera Piso Puerta\";<\/script><script>    var municipio_no_encontrado = \"Municipio no encontrado.\";    var direccion_no_encontrada = \"Direcci\u00f3n no encontrada. No utilices el tipo de v\u00eda como calle, avenida etc. y revisa que est\u00e1 bien escrito.\";    var piso_no_encontrado = \"Piso no encontrado.\";    var campo_obligatorio = \"Campo obligatorio.\";    var email_incorrecto = \"El campo deber\u00eda ser direccion@dominio.es\";    var formato_incorrecto = \"Formato incorrecto\";    var seleccionar_politica_privacidad = \"Debe seleccionar los t\u00e9rminos y condiciones.\";    var seleccionar_condiciones = \"Debe seleccionar las condiciones legales.\";    var formato_dni = \"El campo deber\u00eda tener el siguiente formato: 12345678Z o Y8237411K\";    var emails_no_coinciden = \"Los emails no coinciden.\";    var telefono_caracteres = \"El tel\u00e9fono debe tener 9 caracteres.\";    var campo_incorrecto = \"Campo incorrecto\";    var escalera = \"Escalera\";    var bloque = \"Bloque\";    var piso = \"Piso\";    var puerta = \"Puerta\";    var NoZonaNedgia = \"Lo sentimos pero tu domicilio no est\u00e1 en la zona donde Nedgia\u00a0 distribuye gas natural. Encuentra la Empresa Distribuidora que te corresponde en el siguiente \";    var link = \"link\";    var aqui = \"aqu\u00ed\";    var FincaNoInmuebleCertificadoNo_1 = \"Nos consta que ya tienes gas natural en tu finca. Ahora el siguiente paso ser\u00e1 realizar la instalaci\u00f3n en tu vivienda, contactando con un instalador autorizado. Te explicamos como hacerlo \";    var FincaNoInmuebleCertificadoNo_2 = \"Si la informaci\u00f3n de nuestro sistema no la consideras correcta, ll\u00e1manos al 900 100 252.\";    var FincaEInmueble_1 = \"Nos consta que ya dispones de suministro de gas natural en tu domicilio.\";    var FincaEInmueble_2 = \"Si la informaci\u00f3n de nuestro sistema no la consideras correcta, ll\u00e1manos al 900 100 252.\";    var FincaNoInmuebleCertificadoSi_1 = \"Nos consta que ya tienes la instalaci\u00f3n de gas natural en tu domicilio realizada. Ahora solo te falta gestionar el contrato de gas natural con una empresa comercializadora. Te explicamos como hacerlo. \";    var FincaNoInmuebleCertificadoSi_2 = \"Si la informaci\u00f3n de nuestro sistema no la consideras correcta, ll\u00e1manos al 900 100 252.\";    var SelecNum = \"Selec. Num.\";    var SelecBloqueEscalera = \"Selec. Bloque Escalera Piso Puerta\";    var NumeroPiso = \"N\u00famero\";    var BloqueEscaleraPisoPuerta = \"Bloque Escalera Piso Puerta\";<\/script><p>Nedgia ha participat en una nova edici\u00f3 del <strong>Grid Ready Forum<\/strong>, celebrada a Brussel\u00b7les i organitzada per la <strong>European Biogas Association<\/strong>, una trobada de refer\u00e8ncia a escala europea que aplega reguladors, operadors de xarxa i representants del sector energ\u00e8tic per impulsar la integraci\u00f3 del <strong>gas verd<\/strong> en les infraestructures gasistes.<\/p><p>En aquest context, <strong>Joan Plana<\/strong> ha representat Nedgia en aquestes jornades, refor\u00e7ant la pres\u00e8ncia de la companyia en aquest f\u00f2rum europeu en el qual ja va participar en l\u2019edici\u00f3 anterior. Es tracta d\u2019un espai clau per compartir coneixement, analitzar reptes t\u00e8cnics i regulatoris, i contribuir al desenvolupament de solucions que facilitin la <strong>injecci\u00f3 de biomet\u00e0 a les xarxes de distribuci\u00f3<\/strong>.<\/p><p>Durant la trobada es van abordar q\u00fcestions fonamentals com l\u2019<strong>harmonitzaci\u00f3 dels est\u00e0ndards de qualitat del gas<\/strong>, l&#8217;acc\u00e9s a la xarxa, la planificaci\u00f3 d&#8217;infraestructures i la reducci\u00f3 dels costos de connexi\u00f3, aix\u00ed com el desenvolupament de solucions innovadores com els <strong>gasoductes virtuals<\/strong>. Iniciatives orientades a avan\u00e7ar cap a un sistema energ\u00e8tic europeu m\u00e9s integrat i eficient.<\/p><p>El f\u00f2rum va reunir m\u00e9s de <strong>60 experts de l&#8217;\u00e0mbit europeu<\/strong>, que van coincidir en la necessitat d&#8217;accelerar la implementaci\u00f3 del <strong>Gas Package<\/strong> i d&#8217;avan\u00e7ar cap a marcs regulatoris m\u00e9s homogenis que facilitin la incorporaci\u00f3 de gasos renovables a les xarxes actuals. Entre les conclusions destacades, es va subratllar la import\u00e0ncia d\u2019eliminar barreres t\u00e8cniques i reguladores i de refor\u00e7ar la coordinaci\u00f3 entre pa\u00efsos per aprofitar el potencial del biomet\u00e0 com a vector energ\u00e8tic clau.<\/p><p>La participaci\u00f3 de Nedgia en aquesta mena de trobades refor\u00e7a el seu <strong>comprom\u00eds amb el desenvolupament del gas verd<\/strong> i amb la col\u00b7laboraci\u00f3 activa en els espais de di\u00e0leg europeu que estan marcant el futur del sistema energ\u00e8tic.<\/p><p><\/p>","protected":false},"excerpt":{"rendered":"<p>Nedgia ha participat en una nova edici&oacute; del <strong>Grid Ready Forum<\/strong>, celebrada a Brussel\u00b7les i organitzada per la <strong>European Biogas Association<\/strong>, una trobada de refer&egrave;ncia a escala europea que aplega reguladors, operadors de xarxa i representants del sector energ&egrave;tic per impulsar la integraci&oacute; del <strong>gas verd<\/strong> en les infraestructures gasistes.<\/p>\n","protected":false},"featured_media":35358,"parent":0,"menu_order":0,"template":"","categories":[],"categoria_actualidad_nedgia":[281],"class_list":["post-35444","sala-de-prensa","type-sala-de-prensa","status-publish","has-post-thumbnail","hentry","categoria_actualidad_nedgia-gas-verd"],"acf":[],"_links":{"self":[{"href":"https:\/\/www.nedgia.es\/ca\/wp-json\/wp\/v2\/sala-de-prensa\/35444","targetHints":{"allow":["GET"]}}],"collection":[{"href":"https:\/\/www.nedgia.es\/ca\/wp-json\/wp\/v2\/sala-de-prensa"}],"about":[{"href":"https:\/\/www.nedgia.es\/ca\/wp-json\/wp\/v2\/types\/sala-de-prensa"}],"version-history":[{"count":1,"href":"https:\/\/www.nedgia.es\/ca\/wp-json\/wp\/v2\/sala-de-prensa\/35444\/revisions"}],"predecessor-version":[{"id":35445,"href":"https:\/\/www.nedgia.es\/ca\/wp-json\/wp\/v2\/sala-de-prensa\/35444\/revisions\/35445"}],"wp:featuredmedia":[{"embeddable":true,"href":"https:\/\/www.nedgia.es\/ca\/wp-json\/wp\/v2\/media\/35358"}],"wp:attachment":[{"href":"https:\/\/www.nedgia.es\/ca\/wp-json\/wp\/v2\/media?parent=35444"}],"wp:term":[{"taxonomy":"category","embeddable":true,"href":"https:\/\/www.nedgia.es\/ca\/wp-json\/wp\/v2\/categories?post=35444"},{"taxonomy":"categoria_actualidad_nedgia","embeddable":true,"href":"https:\/\/www.nedgia.es\/ca\/wp-json\/wp\/v2\/categoria_actualidad_nedgia?post=35444"}],"curies":[{"name":"wp","href":"https:\/\/api.w.org\/{rel}","templated":true}]}}