{"id":15534,"date":"2020-09-15T11:22:22","date_gmt":"2020-09-15T09:22:22","guid":{"rendered":"https:\/\/www.nedgia.es\/noticias\/aprobada-a-obrigatoriedade-de-contabilizacion-de-consumos-individuais-en-instalacions-centralizadas\/"},"modified":"2025-10-07T11:10:41","modified_gmt":"2025-10-07T09:10:41","slug":"aprobada-a-obrigatoriedade-de-contabilizacion-de-consumos-individuais-en-instalacions-centralizadas","status":"publish","type":"noticias","link":"https:\/\/www.nedgia.es\/gl\/novas\/aprobada-a-obrigatoriedade-de-contabilizacion-de-consumos-individuais-en-instalacions-centralizadas\/","title":{"rendered":"Aprobouse a obrigatoriedade de contabilizaci\u00f3n de consumos individuais en instalaci\u00f3ns centralizadas"},"content":{"rendered":"<div class=\"wpb-content-wrapper\"><script>    var municipio_no_encontrado = \"Municipio no encontrado.\";    var direccion_no_encontrada = \"Direcci\u00f3n no encontrada. No utilices el tipo de v\u00eda como calle, avenida etc. y revisa que est\u00e1 bien escrito.\";        var piso_no_encontrado = \"Piso no encontrado.\";    var campo_obligatorio = \"Campo obligatorio.\";    var email_incorrecto = \"El campo deber\u00eda ser direccion@dominio.es\";    var formato_incorrecto = \"Formato incorrecto\";    var seleccionar_condiciones = \"Debe seleccionar las condiciones legales.\";    var formato_dni = \"El campo deber\u00eda tener el siguiente formato: 12345678Z o Y8237411K\";    var emails_no_coinciden = \"Los emails no coinciden.\";    var telefono_caracteres = \"El tel\u00e9fono debe tener 9 caracteres.\";    var campo_incorrecto = \"Campo incorrecto\";    var escalera = \"Escalera\";    var bloque = \"Bloque\";    var piso = \"Piso\";    var puerta = \"Puerta\";    var NoZonaNedgia = \"Lo sentimos pero tu domicilio no est\u00e1 en la zona donde Nedgia\u00a0 distribuye gas natural. Encuentra la Empresa Distribuidora que te corresponde en el siguiente \";        var link =  \"link\";    var aqui =  \"aqu\u00ed\";    var FincaNoInmuebleCertificadoNo_1 = \"Nos consta que ya tienes gas natural en tu finca. Ahora el siguiente paso ser\u00e1 realizar la instalaci\u00f3n en tu vivienda, contactando con un instalador autorizado. Te explicamos como hacerlo \";    var FincaNoInmuebleCertificadoNo_2 = \"Si la informaci\u00f3n de nuestro sistema no la consideras correcta, ll\u00e1manos al 900 100 252.\";    var FincaEInmueble_1 = \"Nos consta que ya dispones de suministro de gas natural en tu domicilio.\";    var FincaEInmueble_2 = \"Si la informaci\u00f3n de nuestro sistema no la consideras correcta, ll\u00e1manos al 900 100 252.\";        var FincaNoInmuebleCertificadoSi_1 = \"Nos consta que ya tienes la instalaci\u00f3n de gas natural en tu domicilio realizada. Ahora solo te falta gestionar el contrato de gas natural con una empresa comercializadora. Te explicamos como hacerlo. \";    var FincaNoInmuebleCertificadoSi_2 = \"Si la informaci\u00f3n de nuestro sistema no la consideras correcta, ll\u00e1manos al 900 100 252.\";    var SelecNum = \"Selec. Num.\";    var SelecBloqueEscalera = \"Selec. Bloque Escalera Piso Puerta\";    var NumeroPiso = \"N\u00famero\";    var BloqueEscaleraPisoPuerta = \"Bloque Escalera Piso Puerta\";<\/script><script>    var municipio_no_encontrado = \"Municipio no encontrado.\";    var direccion_no_encontrada = \"Direcci\u00f3n no encontrada. No utilices el tipo de v\u00eda como calle, avenida etc. y revisa que est\u00e1 bien escrito.\";    var piso_no_encontrado = \"Piso no encontrado.\";    var campo_obligatorio = \"Campo obligatorio.\";    var email_incorrecto = \"El campo deber\u00eda ser direccion@dominio.es\";    var formato_incorrecto = \"Formato incorrecto\";    var seleccionar_politica_privacidad = \"Debe seleccionar los t\u00e9rminos y condiciones.\";    var seleccionar_condiciones = \"Debe seleccionar las condiciones legales.\";    var formato_dni = \"El campo deber\u00eda tener el siguiente formato: 12345678Z o Y8237411K\";    var emails_no_coinciden = \"Los emails no coinciden.\";    var telefono_caracteres = \"El tel\u00e9fono debe tener 9 caracteres.\";    var campo_incorrecto = \"Campo incorrecto\";    var escalera = \"Escalera\";    var bloque = \"Bloque\";    var piso = \"Piso\";    var puerta = \"Puerta\";    var NoZonaNedgia = \"Lo sentimos pero tu domicilio no est\u00e1 en la zona donde Nedgia\u00a0 distribuye gas natural. Encuentra la Empresa Distribuidora que te corresponde en el siguiente \";    var link = \"link\";    var aqui = \"aqu\u00ed\";    var FincaNoInmuebleCertificadoNo_1 = \"Nos consta que ya tienes gas natural en tu finca. Ahora el siguiente paso ser\u00e1 realizar la instalaci\u00f3n en tu vivienda, contactando con un instalador autorizado. Te explicamos como hacerlo \";    var FincaNoInmuebleCertificadoNo_2 = \"Si la informaci\u00f3n de nuestro sistema no la consideras correcta, ll\u00e1manos al 900 100 252.\";    var FincaEInmueble_1 = \"Nos consta que ya dispones de suministro de gas natural en tu domicilio.\";    var FincaEInmueble_2 = \"Si la informaci\u00f3n de nuestro sistema no la consideras correcta, ll\u00e1manos al 900 100 252.\";    var FincaNoInmuebleCertificadoSi_1 = \"Nos consta que ya tienes la instalaci\u00f3n de gas natural en tu domicilio realizada. Ahora solo te falta gestionar el contrato de gas natural con una empresa comercializadora. Te explicamos como hacerlo. \";    var FincaNoInmuebleCertificadoSi_2 = \"Si la informaci\u00f3n de nuestro sistema no la consideras correcta, ll\u00e1manos al 900 100 252.\";    var SelecNum = \"Selec. Num.\";    var SelecBloqueEscalera = \"Selec. Bloque Escalera Piso Puerta\";    var NumeroPiso = \"N\u00famero\";    var BloqueEscaleraPisoPuerta = \"Bloque Escalera Piso Puerta\";<\/script><p>[vc_row][vc_column][vc_column_text]O 6 agosto de 2020, o BOE publicou o Real decreto 736\/2020, que completa a transposici\u00f3n da Directiva 2012\/27\/UE de eficiencia enerx\u00e9tica, que obriga a contabilizar de xeito individual os consumos en edificios con sistemas de calefacci\u00f3n e refrixeraci\u00f3n central.<br \/>[\/vc_column_text][\/vc_column][\/vc_row][vc_row][vc_column][vc_column_text]<\/p><h5>De que trata esta nova medida?<\/h5><p>Os titulares dos edificios novos e existentes con instalaci\u00f3ns t\u00e9rmicas centralizadas e constru\u00eddos antes de 1998, que anteceden\u00a0\u00e1 publicaci\u00f3n do RITE (Regulamento de instalaci\u00f3ns t\u00e9rmicas nos edificios), momento a partir do que se estableceu a obriga da repartici\u00f3n de consumos en todos os edificios novos,\u00a0te\u00f1en a obriga de instalar contadores individuais que midan o consumo de enerx\u00eda t\u00e9rmica de cada consumidor, sempre que sexa tecnicamente viable e economicamente rendible.<\/p><p>Excepcionalmente, para o caso de calefacci\u00f3n, cando non sexa tecnicamente posible o uso de contadores individuais, imponse a obriga de instalar repartidores de custos de calefacci\u00f3n.<\/p><p>O calendario de transformaci\u00f3n publicado polo BOE prev\u00e9 unha posta en marcha graduada (de acordo con zonas clim\u00e1ticas e caracter\u00edsticas das vivendas), non obstante, a data limite\u00a0\u00e9 o 1 de maio de 2023.<\/p><h5>Cales son os beneficios?<\/h5><ul><li><strong>Eficiencia enerx\u00e9tica:<\/strong> reduce o consumo e evita desbaldir enerx\u00eda.<\/li><li><strong>Medioambiental:<\/strong> Reduci\u00f3n de 1,05 mill\u00f3ns de toneladas de CO<sub>2<\/sub> anuais (datos Conaif).<\/li><li><strong>Aforro econ\u00f3mico:<\/strong> o cliente pagar\u00e1 s\u00f3 polo que consuma, o que permitir\u00e1 aforrar arredor dun 20-25% na conta de enerx\u00eda (datos ISTA).<\/li><li><strong>Mellor informaci\u00f3n:<\/strong> o cliente obter\u00e1 unha informaci\u00f3n precisa, fiable, clara e puntual do seu consumo enerx\u00e9tico.<\/li><li><strong>Confort:<\/strong> permite ao cliente xestionar o seu propio consumo e temperatura no fogar, garantindo un confort adecuado a\u00a0cada familia.<\/li><li><strong>Seguridade:<\/strong> como consecuencia da revisi\u00f3n e modernizaci\u00f3n das instalaci\u00f3ns, ser\u00e1 posible identificar anomal\u00edas no sistema.<\/li><li><strong>Modernidade:<\/strong> \u00e9 o momento ideal para cambiar a unha enerx\u00eda m\u00e1is moderna, pr\u00e1ctica, de subministraci\u00f3n continua e menos contaminante, como o gas natural.<\/li><li><strong>Oportunidade de negocio:<\/strong> un potencial de m\u00e1is 1,5 mill\u00f3ns de fogares.<\/li><li><strong>Xeraci\u00f3n de emprego:<\/strong> colaborar\u00e1 na creaci\u00f3n\u00a0duns 2.000 ou 3.000 postos de traballos, directos e indirectos (datos Goberno).<\/li><\/ul><h5>Algunhas particularidades do Real decreto.<\/h5><p>A\u00ednda que \u00e9 unha medida de impacto nacional no caso da calefacci\u00f3n centralizada, est\u00e1n exentos da obriga aqueles edificios situados nas zonas clim\u00e1ticas, \u03b1, A e B (Baleares, Canarias, Almer\u00eda, C\u00f3rdoba, Sevilla, Alacant&#8230;).<\/p><p>Se non existe aforro enerx\u00e9tico comprobado, non se obrigar\u00e1 as comunidades de propietarios\u00a0a\u00a0facer investimentos\u00a0innecesarios. Est\u00e1n exclu\u00eddos aqueles edificios nos\u00a0que o investimento non poida recuperarse nun m\u00e1ximo de catro anos. Para determinar a rendibilidade da instalaci\u00f3n, o Ministerio de Transici\u00f3n Ecol\u00f3xica e o Reto Demogr\u00e1fico po\u00f1er\u00e1 \u00e1 disposici\u00f3n unha gu\u00eda t\u00e9cnica de aplicaci\u00f3n\u00a0que\u00a0se publicar\u00e1 no Bolet\u00edn Oficial do Estado. Con esta gu\u00eda ser\u00e1 posible identificar se a instalaci\u00f3n \u00e9 factible ou non.<\/p><h6><em>Se a instalaci\u00f3n non \u00e9 viable:<\/em><\/h6><ul><li>A empresa instaladora\/mantedora debe emitir un certificado gratu\u00edto.<\/li><li>Os titulares da instalaci\u00f3n deben presentar a documentaci\u00f3n (certificado e unha declaraci\u00f3n responsable) ante o organismo correspondente da s\u00faa comunidade aut\u00f3noma.<\/li><\/ul><h6><em>Se a instalaci\u00f3n si \u00e9 viable:<\/em><\/h6><ul><li>Os titulares da instalaci\u00f3n deben solicitar a un instalador autorizado polo menos un orzamento no que deben constar algunhas informaci\u00f3ns t\u00e9cnicas e econ\u00f3micas.<\/li><li>Deben acreditar a viabilidade da instalaci\u00f3n ante o organismo correspondente e, unha vez acreditada, a comunidade disp\u00f3n dun prazo m\u00e1ximo de 15 meses para a s\u00faa execuci\u00f3n.<\/li><li>\u00c1 finalizaci\u00f3n dos traballos da instalaci\u00f3n dos equipos de contabilizaci\u00f3n, a empresa instaladora entregar\u00e1 aos titulares da instalaci\u00f3n unha memoria t\u00e9cnica.<\/li><\/ul><p>Os sistemas de contabilizaci\u00f3n xa instalados na data de entrada en vigor do presente Real decreto deber\u00e1n permitir realizar lecturas remotas ou ser substitu\u00eddos por outros sistemas que si o permitan, antes do 1 de xaneiro de 2027. Mentres tanto, poder\u00e1 cumprirse mediante un sistema de autolectura peri\u00f3dica por parte do usuario final.<\/p><p>O Goberno tivo en conta tam\u00e9n outros aspectos, por este motivo, estar\u00e1n exentas aquelas instalaci\u00f3ns t\u00e9rmicas que presenten inviabilidade t\u00e9cnica, como, por exemplo, sistemas de calefacci\u00f3n equipados con monotubos de serie, ventiloconvectores, aerotermos, etc.<\/p><p>A\u00ednda que, dende o punto de vista\u00a0de eficiencia enerx\u00e9tica e medio ambiente, parece ser unha das mellores medidas aplicadas nos \u00faltimos tempos, non se pode ignorar o impacto econ\u00f3mico\u00a0que\u00a0ter\u00e1\u00a0sobre\u00a0diversas familias con rendas m\u00ednimas. Nestes casos, o Goberno habilitar\u00e1 unha partida orzamentaria para a concesi\u00f3n de axudas a familias vulnerables.<\/p><h5>Outros incentivos locais para promover a eficiencia enerx\u00e9tica.<\/h5><p>O Concello de Madrid\u00a0abriu\u00a0o luns,\u00a07 de setembro, o prazo para presentar as solicitudes do\u00a0novo <strong>Plan Rehabilita 2020<\/strong>, prazo\u00a0que\u00a0<strong>durar\u00e1 dous meses.<\/strong><\/p><p>O Rehabilita 2020 <strong>potencia a eficiencia enerx\u00e9tica<\/strong>, o que incl\u00fae traballos para illar fachadas, <strong>substitu\u00edr caldeiras comunitarias<\/strong> ou instalar cubertas verdes e puntos de recarga de veh\u00edculos el\u00e9ctricos. Est\u00e1n inclu\u00eddos todos os barrios de Madrid e os edificios constru\u00eddos antes de 1996.<\/p><h5>Nedgia colabora activamente para que se cumpran os obxectivos do\u00a0Real\u00a0decreto.<\/h5><p>Nedgia pon \u00e1 disposici\u00f3n diversas ofertas aos clientes con achegas econ\u00f3micas superiores a 200 euros. \u00c9 unha importante panca comercial\u00a0para as empresas colaboradoras e unha grande axuda aos novos clientes interesados en gozar\u00a0do gas natural. M\u00e1is informaci\u00f3n sobre as ofertas, <a href=\"https:\/\/www.nedgia.es\/gl\/colaboradores\/ser-colaborador\/\">fai clic aqu\u00ed.<\/a><\/p><h5>Acheg\u00e1mosche algunhas ligaz\u00f3ns de interese:<\/h5><p><a href=\"https:\/\/www.boe.es\/eli\/es\/rd\/2020\/08\/04\/736\" target=\"_blank\" rel=\"noopener\">BOE.<\/a><\/p><p><a href=\"https:\/\/www.madrid.es\/portales\/munimadrid\/es\/Inicio\/Actualidad\/Noticias\/Vivienda-abre-el-plazo-para-presentar-las-solicitudes-del-nuevo-plan-Rehabilita-2020\/?vgnextfmt=default&amp;vgnextoid=1a66532f08764710VgnVCM2000001f4a900aRCRD&amp;vgnextchannel=a12149fa40ec9410VgnVCM100000171f5a0aRCRD#:~:text=El%20nuevo%20'Rehabilita%202020'%20mejora,tipo%20de%20actuaciones%20a%20realizar.\" target=\"_blank\" rel=\"noopener\">Concello de Madrid.<\/a><\/p><h5>Quedaches con d\u00fabidas sobre este tema?<\/h5><p>Contacta co teu gremio, te\u00f1en \u00e1 disposici\u00f3n expertos en regulamentos,\u00a0normativas t\u00e9cnicas\u00a0e\u00a0poder\u00e1n aclarar todas as t\u00faas d\u00fabidas.<\/p><p><a href=\"https:\/\/www.nedgia.es\/gl\/colaboradores\/\">Listaxe de Gremios.<\/a>[\/vc_column_text][\/vc_column][\/vc_row]<\/p><\/div>","protected":false},"excerpt":{"rendered":"<p>O 6 agosto de 2020, o BOE publicou o Real decreto 736\/2020, que completa a transposici\u00f3n da Directiva 2012\/27\/UE de eficiencia enerx\u00e9tica, que obriga a contabilizar de xeito individual os consumos en edificios con sistemas de calefacci\u00f3n e refrixeraci\u00f3n central.<\/p>\n","protected":false},"featured_media":15202,"parent":0,"menu_order":0,"template":"","categories":[135],"categoria_noticias":[293],"class_list":["post-15534","noticias","type-noticias","status-publish","has-post-thumbnail","hentry","category-noticias-gl","categoria_noticias-noticias-gl"],"acf":[],"_links":{"self":[{"href":"https:\/\/www.nedgia.es\/gl\/wp-json\/wp\/v2\/noticias\/15534","targetHints":{"allow":["GET"]}}],"collection":[{"href":"https:\/\/www.nedgia.es\/gl\/wp-json\/wp\/v2\/noticias"}],"about":[{"href":"https:\/\/www.nedgia.es\/gl\/wp-json\/wp\/v2\/types\/noticias"}],"version-history":[{"count":3,"href":"https:\/\/www.nedgia.es\/gl\/wp-json\/wp\/v2\/noticias\/15534\/revisions"}],"predecessor-version":[{"id":31805,"href":"https:\/\/www.nedgia.es\/gl\/wp-json\/wp\/v2\/noticias\/15534\/revisions\/31805"}],"wp:featuredmedia":[{"embeddable":true,"href":"https:\/\/www.nedgia.es\/gl\/wp-json\/wp\/v2\/media\/15202"}],"wp:attachment":[{"href":"https:\/\/www.nedgia.es\/gl\/wp-json\/wp\/v2\/media?parent=15534"}],"wp:term":[{"taxonomy":"category","embeddable":true,"href":"https:\/\/www.nedgia.es\/gl\/wp-json\/wp\/v2\/categories?post=15534"},{"taxonomy":"categoria_noticias","embeddable":true,"href":"https:\/\/www.nedgia.es\/gl\/wp-json\/wp\/v2\/categoria_noticias?post=15534"}],"curies":[{"name":"wp","href":"https:\/\/api.w.org\/{rel}","templated":true}]}}