{"id":15402,"date":"2019-03-11T08:44:57","date_gmt":"2019-03-11T07:44:57","guid":{"rendered":"https:\/\/www.nedgia.es\/sala-de-prensa\/os-alumnos-do-cifp-ferrolterra-inician-a-sua-formacion-practica-nas-instalacions-de-nedgia-galicia\/"},"modified":"2019-03-11T08:44:57","modified_gmt":"2019-03-11T07:44:57","slug":"os-alumnos-do-cifp-ferrolterra-inician-a-sua-formacion-practica-nas-instalacions-de-nedgia-galicia","status":"publish","type":"sala-de-prensa","link":"https:\/\/www.nedgia.es\/gl\/actualidade-nedgia\/os-alumnos-do-cifp-ferrolterra-inician-a-sua-formacion-practica-nas-instalacions-de-nedgia-galicia\/","title":{"rendered":"Os alumnos do CIFP Ferrolterra inician a s\u00faa formaci\u00f3n pr\u00e1ctica nas instalaci\u00f3ns de NEDGIA Galicia"},"content":{"rendered":"<div class=\"wpb-content-wrapper\"><script>    var municipio_no_encontrado = \"Municipio no encontrado.\";    var direccion_no_encontrada = \"Direcci\u00f3n no encontrada. No utilices el tipo de v\u00eda como calle, avenida etc. y revisa que est\u00e1 bien escrito.\";        var piso_no_encontrado = \"Piso no encontrado.\";    var campo_obligatorio = \"Campo obligatorio.\";    var email_incorrecto = \"El campo deber\u00eda ser direccion@dominio.es\";    var formato_incorrecto = \"Formato incorrecto\";    var seleccionar_condiciones = \"Debe seleccionar las condiciones legales.\";    var formato_dni = \"El campo deber\u00eda tener el siguiente formato: 12345678Z o Y8237411K\";    var emails_no_coinciden = \"Los emails no coinciden.\";    var telefono_caracteres = \"El tel\u00e9fono debe tener 9 caracteres.\";    var campo_incorrecto = \"Campo incorrecto\";    var escalera = \"Escalera\";    var bloque = \"Bloque\";    var piso = \"Piso\";    var puerta = \"Puerta\";    var NoZonaNedgia = \"Lo sentimos pero tu domicilio no est\u00e1 en la zona donde Nedgia\u00a0 distribuye gas natural. Encuentra la Empresa Distribuidora que te corresponde en el siguiente \";        var link =  \"link\";    var aqui =  \"aqu\u00ed\";    var FincaNoInmuebleCertificadoNo_1 = \"Nos consta que ya tienes gas natural en tu finca. Ahora el siguiente paso ser\u00e1 realizar la instalaci\u00f3n en tu vivienda, contactando con un instalador autorizado. Te explicamos como hacerlo \";    var FincaNoInmuebleCertificadoNo_2 = \"Si la informaci\u00f3n de nuestro sistema no la consideras correcta, ll\u00e1manos al 900 100 252.\";    var FincaEInmueble_1 = \"Nos consta que ya dispones de suministro de gas natural en tu domicilio.\";    var FincaEInmueble_2 = \"Si la informaci\u00f3n de nuestro sistema no la consideras correcta, ll\u00e1manos al 900 100 252.\";        var FincaNoInmuebleCertificadoSi_1 = \"Nos consta que ya tienes la instalaci\u00f3n de gas natural en tu domicilio realizada. Ahora solo te falta gestionar el contrato de gas natural con una empresa comercializadora. Te explicamos como hacerlo. \";    var FincaNoInmuebleCertificadoSi_2 = \"Si la informaci\u00f3n de nuestro sistema no la consideras correcta, ll\u00e1manos al 900 100 252.\";    var SelecNum = \"Selec. Num.\";    var SelecBloqueEscalera = \"Selec. Bloque Escalera Piso Puerta\";    var NumeroPiso = \"N\u00famero\";    var BloqueEscaleraPisoPuerta = \"Bloque Escalera Piso Puerta\";<\/script><script>    var municipio_no_encontrado = \"Municipio no encontrado.\";    var direccion_no_encontrada = \"Direcci\u00f3n no encontrada. No utilices el tipo de v\u00eda como calle, avenida etc. y revisa que est\u00e1 bien escrito.\";    var piso_no_encontrado = \"Piso no encontrado.\";    var campo_obligatorio = \"Campo obligatorio.\";    var email_incorrecto = \"El campo deber\u00eda ser direccion@dominio.es\";    var formato_incorrecto = \"Formato incorrecto\";    var seleccionar_politica_privacidad = \"Debe seleccionar los t\u00e9rminos y condiciones.\";    var seleccionar_condiciones = \"Debe seleccionar las condiciones legales.\";    var formato_dni = \"El campo deber\u00eda tener el siguiente formato: 12345678Z o Y8237411K\";    var emails_no_coinciden = \"Los emails no coinciden.\";    var telefono_caracteres = \"El tel\u00e9fono debe tener 9 caracteres.\";    var campo_incorrecto = \"Campo incorrecto\";    var escalera = \"Escalera\";    var bloque = \"Bloque\";    var piso = \"Piso\";    var puerta = \"Puerta\";    var NoZonaNedgia = \"Lo sentimos pero tu domicilio no est\u00e1 en la zona donde Nedgia\u00a0 distribuye gas natural. Encuentra la Empresa Distribuidora que te corresponde en el siguiente \";    var link = \"link\";    var aqui = \"aqu\u00ed\";    var FincaNoInmuebleCertificadoNo_1 = \"Nos consta que ya tienes gas natural en tu finca. Ahora el siguiente paso ser\u00e1 realizar la instalaci\u00f3n en tu vivienda, contactando con un instalador autorizado. Te explicamos como hacerlo \";    var FincaNoInmuebleCertificadoNo_2 = \"Si la informaci\u00f3n de nuestro sistema no la consideras correcta, ll\u00e1manos al 900 100 252.\";    var FincaEInmueble_1 = \"Nos consta que ya dispones de suministro de gas natural en tu domicilio.\";    var FincaEInmueble_2 = \"Si la informaci\u00f3n de nuestro sistema no la consideras correcta, ll\u00e1manos al 900 100 252.\";    var FincaNoInmuebleCertificadoSi_1 = \"Nos consta que ya tienes la instalaci\u00f3n de gas natural en tu domicilio realizada. Ahora solo te falta gestionar el contrato de gas natural con una empresa comercializadora. Te explicamos como hacerlo. \";    var FincaNoInmuebleCertificadoSi_2 = \"Si la informaci\u00f3n de nuestro sistema no la consideras correcta, ll\u00e1manos al 900 100 252.\";    var SelecNum = \"Selec. Num.\";    var SelecBloqueEscalera = \"Selec. Bloque Escalera Piso Puerta\";    var NumeroPiso = \"N\u00famero\";    var BloqueEscaleraPisoPuerta = \"Bloque Escalera Piso Puerta\";<\/script><p>A filial do grupo Naturgy e a Xunta de Galicia impulsan a formaci\u00f3n profesional dual para promover a inserci\u00f3n laboral da xuventude.<br \/>[vc_row][vc_column][vc_column_text]<strong>Ferrol, 1 de febreiro de 2019.-\u00a0<\/strong>Un total de 14 alumnos do curso do ciclo formativo de grao superior de Instalaci\u00f3ns de Produci\u00f3n de Calor do CIFP Ferrolterra inician hoxe a s\u00faa formaci\u00f3n pr\u00e1ctica nas instalaci\u00f3ns de NEDGIA Galicia, no marco do acordo asinado coa Xunta de Galicia para impulsar a Formaci\u00f3n Profesional Dual en Galicia.<\/p><p>Durante os sete meses que dura a estad\u00eda na empresa, e que se repetir\u00e1 con cada novo curso ata o 2021, os alumnos recibir\u00e1n formaci\u00f3n pr\u00e1ctica por parte de NEDGIA Galicia en t\u00e9cnicas de execuci\u00f3n e mantemento da rede de distribuci\u00f3n de gas e das s\u00faas instalaci\u00f3ns auxiliares asociadas (estaci\u00f3ns de regulaci\u00f3n e medida ou plantas de GNL e GLP, entre outras). Os futuros operarios tam\u00e9n recibir\u00e1n noci\u00f3ns sobre seguridade industrial, prevenci\u00f3n de riscos laborais e aspectos propios de negocio.<\/p><p>Os alumnos do novo proxecto de FP Dual do centro educativo ferrol\u00e1n, que iniciaron o ciclo o pasado mes de setembro, desenvolver\u00e1n case a metade das 2.000 horas de formaci\u00f3n nos centros de traballo de NEDGIA Galicia.<\/p><p>Esta iniciativa xorde do acordo asinado entre a distribuidora do grupo Naturgy en Galicia e a Conseller\u00eda de Cultura, Educaci\u00f3n e Ordenaci\u00f3n Universitaria para promover a Formaci\u00f3n Profesional Dual a trav\u00e9s dun sistema de bolsas e favorecer a inserci\u00f3n laboral da xuventude galega. Esta modalidade educativa permite que o estudante combine, durante tres anos, a s\u00faa formaci\u00f3n no centro educativo coa aprendizaxe na compa\u00f1\u00eda para adaptar os seus co\u00f1ecementos pr\u00e1cticos \u00e1s necesidades produtivas da empresa e preparalo para o futuro mercado laboral.<\/p><h3>Contribuci\u00f3n \u00e1 inserci\u00f3n laboral da xuventude<\/h3><p>O acordo subscrito coa Xunta de Galicia reforza a responsabilidade social de NEDGIA Galicia e a s\u00faa contribuci\u00f3n \u00e1 inserci\u00f3n laboral da xuventude. A empresa incorporou a formaci\u00f3n profesional dual (FP Dual) \u00e1s s\u00faas li\u00f1as estrat\u00e9xicas de formaci\u00f3n e recursos humanos, e quere participar activamente na transformaci\u00f3n do modelo educativo e profesional con esta modalidade formativa, que combina a formaci\u00f3n coa actividade empresarial, axust\u00e1ndoo \u00e1 realidade do mercado laboral. A compa\u00f1\u00eda ten previsto estender a FP Dual a outras comunidades nas que conta con actividade empresarial.<\/p><h3>Presenza en Galicia<\/h3><p>NEDGIA Galicia subministra gas natural a 78 municipios, o que sup\u00f3n que preto do 70% da poboaci\u00f3n ten acceso a esta fonte de enerx\u00eda. Conta con m\u00e1is de 280.000 puntos de subministraci\u00f3n e unha rede de distribuci\u00f3n que supera os 3.200 quil\u00f3metros.[\/vc_column_text][\/vc_column][\/vc_row]<\/p><\/div>","protected":false},"excerpt":{"rendered":"<p>A filial do grupo Naturgy e a Xunta de Galicia impulsan a formaci\u00f3n profesional dual para promover a inserci\u00f3n laboral da xuventude.<\/p>\n","protected":false},"featured_media":11946,"parent":0,"menu_order":0,"template":"","categories":[68],"categoria_actualidad_nedgia":[275],"class_list":["post-15402","sala-de-prensa","type-sala-de-prensa","status-publish","has-post-thumbnail","hentry","category-corporativo","categoria_actualidad_nedgia-corporativo"],"acf":[],"_links":{"self":[{"href":"https:\/\/www.nedgia.es\/gl\/wp-json\/wp\/v2\/sala-de-prensa\/15402","targetHints":{"allow":["GET"]}}],"collection":[{"href":"https:\/\/www.nedgia.es\/gl\/wp-json\/wp\/v2\/sala-de-prensa"}],"about":[{"href":"https:\/\/www.nedgia.es\/gl\/wp-json\/wp\/v2\/types\/sala-de-prensa"}],"version-history":[{"count":0,"href":"https:\/\/www.nedgia.es\/gl\/wp-json\/wp\/v2\/sala-de-prensa\/15402\/revisions"}],"wp:featuredmedia":[{"embeddable":true,"href":"https:\/\/www.nedgia.es\/gl\/wp-json\/wp\/v2\/media\/11946"}],"wp:attachment":[{"href":"https:\/\/www.nedgia.es\/gl\/wp-json\/wp\/v2\/media?parent=15402"}],"wp:term":[{"taxonomy":"category","embeddable":true,"href":"https:\/\/www.nedgia.es\/gl\/wp-json\/wp\/v2\/categories?post=15402"},{"taxonomy":"categoria_actualidad_nedgia","embeddable":true,"href":"https:\/\/www.nedgia.es\/gl\/wp-json\/wp\/v2\/categoria_actualidad_nedgia?post=15402"}],"curies":[{"name":"wp","href":"https:\/\/api.w.org\/{rel}","templated":true}]}}