{"id":15434,"date":"2021-03-05T11:11:05","date_gmt":"2021-03-05T10:11:05","guid":{"rendered":"https:\/\/www.nedgia.es\/sala-de-prensa\/avanzamos-no-noso-compromiso-coa-transicion-enerxetica-ao-vehicular-na-nosas-redes-preto-de-1-262-gwh-para-mobilidade\/"},"modified":"2021-03-05T11:11:05","modified_gmt":"2021-03-05T10:11:05","slug":"avanzamos-no-noso-compromiso-coa-transicion-enerxetica-ao-vehicular-na-nosas-redes-preto-de-1-262-gwh-para-mobilidade","status":"publish","type":"sala-de-prensa","link":"https:\/\/www.nedgia.es\/gl\/actualidade-nedgia\/avanzamos-no-noso-compromiso-coa-transicion-enerxetica-ao-vehicular-na-nosas-redes-preto-de-1-262-gwh-para-mobilidade\/","title":{"rendered":"Avanzamos no noso compromiso coa transici\u00f3n enerx\u00e9tica ao vehicular nas nosas redes preto de 1.262 GWh para mobilidade"},"content":{"rendered":"<div class=\"wpb-content-wrapper\"><script>    var municipio_no_encontrado = \"Municipio no encontrado.\";    var direccion_no_encontrada = \"Direcci\u00f3n no encontrada. No utilices el tipo de v\u00eda como calle, avenida etc. y revisa que est\u00e1 bien escrito.\";        var piso_no_encontrado = \"Piso no encontrado.\";    var campo_obligatorio = \"Campo obligatorio.\";    var email_incorrecto = \"El campo deber\u00eda ser direccion@dominio.es\";    var formato_incorrecto = \"Formato incorrecto\";    var seleccionar_condiciones = \"Debe seleccionar las condiciones legales.\";    var formato_dni = \"El campo deber\u00eda tener el siguiente formato: 12345678Z o Y8237411K\";    var emails_no_coinciden = \"Los emails no coinciden.\";    var telefono_caracteres = \"El tel\u00e9fono debe tener 9 caracteres.\";    var campo_incorrecto = \"Campo incorrecto\";    var escalera = \"Escalera\";    var bloque = \"Bloque\";    var piso = \"Piso\";    var puerta = \"Puerta\";    var NoZonaNedgia = \"Lo sentimos pero tu domicilio no est\u00e1 en la zona donde Nedgia\u00a0 distribuye gas natural. Encuentra la Empresa Distribuidora que te corresponde en el siguiente \";        var link =  \"link\";    var aqui =  \"aqu\u00ed\";    var FincaNoInmuebleCertificadoNo_1 = \"Nos consta que ya tienes gas natural en tu finca. Ahora el siguiente paso ser\u00e1 realizar la instalaci\u00f3n en tu vivienda, contactando con un instalador autorizado. Te explicamos como hacerlo \";    var FincaNoInmuebleCertificadoNo_2 = \"Si la informaci\u00f3n de nuestro sistema no la consideras correcta, ll\u00e1manos al 900 100 252.\";    var FincaEInmueble_1 = \"Nos consta que ya dispones de suministro de gas natural en tu domicilio.\";    var FincaEInmueble_2 = \"Si la informaci\u00f3n de nuestro sistema no la consideras correcta, ll\u00e1manos al 900 100 252.\";        var FincaNoInmuebleCertificadoSi_1 = \"Nos consta que ya tienes la instalaci\u00f3n de gas natural en tu domicilio realizada. Ahora solo te falta gestionar el contrato de gas natural con una empresa comercializadora. Te explicamos como hacerlo. \";    var FincaNoInmuebleCertificadoSi_2 = \"Si la informaci\u00f3n de nuestro sistema no la consideras correcta, ll\u00e1manos al 900 100 252.\";    var SelecNum = \"Selec. Num.\";    var SelecBloqueEscalera = \"Selec. Bloque Escalera Piso Puerta\";    var NumeroPiso = \"N\u00famero\";    var BloqueEscaleraPisoPuerta = \"Bloque Escalera Piso Puerta\";<\/script><script>    var municipio_no_encontrado = \"Municipio no encontrado.\";    var direccion_no_encontrada = \"Direcci\u00f3n no encontrada. No utilices el tipo de v\u00eda como calle, avenida etc. y revisa que est\u00e1 bien escrito.\";    var piso_no_encontrado = \"Piso no encontrado.\";    var campo_obligatorio = \"Campo obligatorio.\";    var email_incorrecto = \"El campo deber\u00eda ser direccion@dominio.es\";    var formato_incorrecto = \"Formato incorrecto\";    var seleccionar_politica_privacidad = \"Debe seleccionar los t\u00e9rminos y condiciones.\";    var seleccionar_condiciones = \"Debe seleccionar las condiciones legales.\";    var formato_dni = \"El campo deber\u00eda tener el siguiente formato: 12345678Z o Y8237411K\";    var emails_no_coinciden = \"Los emails no coinciden.\";    var telefono_caracteres = \"El tel\u00e9fono debe tener 9 caracteres.\";    var campo_incorrecto = \"Campo incorrecto\";    var escalera = \"Escalera\";    var bloque = \"Bloque\";    var piso = \"Piso\";    var puerta = \"Puerta\";    var NoZonaNedgia = \"Lo sentimos pero tu domicilio no est\u00e1 en la zona donde Nedgia\u00a0 distribuye gas natural. Encuentra la Empresa Distribuidora que te corresponde en el siguiente \";    var link = \"link\";    var aqui = \"aqu\u00ed\";    var FincaNoInmuebleCertificadoNo_1 = \"Nos consta que ya tienes gas natural en tu finca. Ahora el siguiente paso ser\u00e1 realizar la instalaci\u00f3n en tu vivienda, contactando con un instalador autorizado. Te explicamos como hacerlo \";    var FincaNoInmuebleCertificadoNo_2 = \"Si la informaci\u00f3n de nuestro sistema no la consideras correcta, ll\u00e1manos al 900 100 252.\";    var FincaEInmueble_1 = \"Nos consta que ya dispones de suministro de gas natural en tu domicilio.\";    var FincaEInmueble_2 = \"Si la informaci\u00f3n de nuestro sistema no la consideras correcta, ll\u00e1manos al 900 100 252.\";    var FincaNoInmuebleCertificadoSi_1 = \"Nos consta que ya tienes la instalaci\u00f3n de gas natural en tu domicilio realizada. Ahora solo te falta gestionar el contrato de gas natural con una empresa comercializadora. Te explicamos como hacerlo. \";    var FincaNoInmuebleCertificadoSi_2 = \"Si la informaci\u00f3n de nuestro sistema no la consideras correcta, ll\u00e1manos al 900 100 252.\";    var SelecNum = \"Selec. Num.\";    var SelecBloqueEscalera = \"Selec. Bloque Escalera Piso Puerta\";    var NumeroPiso = \"N\u00famero\";    var BloqueEscaleraPisoPuerta = \"Bloque Escalera Piso Puerta\";<\/script><p>Durante o pasado ano, seguimos avanzando no noso compromiso coa transici\u00f3n enerx\u00e9tica ao vehicular a trav\u00e9s das nosas redes 1.262 GWh de gas natural que se destinaron a mobilidade sostible.<br \/>[vc_row][vc_column][vc_column_text]Nun complexo exercicio marcado pola reduci\u00f3n da mobilidade asociada aos efectos da COVID-19, o gas vehiculado apenas reduciuse un 5 %, fronte aos 1.326 GWh do 2019, nun ano que freou o incremento que estaba a experimentar o consumo de gas natural vehicular (ECO-G) no noso pa\u00eds, que crecera a un ritmo do 33 % anual nos \u00faltimos cinco exercicios.<\/p><p>Por comunidades aut\u00f3nomas, as nosas redes de gas natural na Comunidade de Madrid e Catalu\u00f1a lideraron a clasificaci\u00f3n das zonas que m\u00e1is ECO-G vehicularon, cun 50 % e un 27 %, respectivamente. Estes datos coinciden coas cifras que achega GASNAM (Asociaci\u00f3n ib\u00e9rica que promove o gas natural, o gas renovable e o hidr\u00f3xeno na mobilidade terrestre e mar\u00edtima), que tam\u00e9n sit\u00faa a Comunidade de Madrid e Catalu\u00f1a como as CCAA que rexistraron un maior n\u00famero de matriculaci\u00f3ns a gas natural durante o pasado ano (3.197 e 1.093 veh\u00edculos) e que tam\u00e9n concentraron un maior n\u00famero de gasineiras p\u00fablicas (20 e 18, respectivamente).<\/p><p>No tocante ao n\u00famero de gasineiras conectadas \u00e1 nosa rede de gas natural, durante o 2020 sum\u00e1ronse tres novas instalaci\u00f3ns (d\u00faas gasineiras p\u00fablicas en Dos Hermanas e Granada, e unha privada en Valladolid), polo que xa hai\u00a0casi\u00a0dun centenar de estaci\u00f3ns de abastecemento p\u00fablicas e privadas, que est\u00e1n conectadas \u00e1 nosa rede de gas natural. Actualmente, o n\u00famero de estaci\u00f3ns de abastecemento de ECO-G no noso pa\u00eds sit\u00faase preto das 140 instalaci\u00f3ns p\u00fablicas.<\/p><h4>Mellor calidade do aire<\/h4><p>O uso do gas natural como carburante ten importantes vantaxes ambientais, como a mellora da calidade do aire, xa que reduce en m\u00e1is dun 85 % as emisi\u00f3ns de \u00f3xidos de nitr\u00f3xeno e en case o 100 % as part\u00edculas en suspensi\u00f3n, que son a principal causa dos problemas respiratorios e card\u00edacos derivados da contaminaci\u00f3n nos \u00e1mbitos urbanos. Ademais, os motores de gas natural producen ata un 50% menos de emisi\u00f3n sonora e vibraci\u00f3ns que os motores di\u00e9sel.<\/p><p>Grazas ao uso de ECO-G, durante o pasado ano deix\u00e1ronse de emitir \u00e1 atmosfera m\u00e1is de\u00a064.300 toneladas de CO<sub>2<\/sub>, que \u00e9 o mesmo CO<sub>2<\/sub>\u00a0que absorber\u00edan m\u00e1is de 3,2 mill\u00f3ns de \u00e1rbores nunha superficie equivalente ao dobre do parque da Casa de Campo na cidade de Madrid.<\/p><h4>Unha aposta eficiente e sostible<\/h4><p>A mobilidade sostible con gas natural, ademais de ser unha tecnolox\u00eda madura, segura, doada e r\u00e1pida de abastecer, \u00e9 a \u00fanica alternativa que ofrece soluci\u00f3ns para todas as necesidades de mobilidade, dende o transporte de mercador\u00edas de longo percorrido ata os desprazamentos urbanos.<\/p><p>Ademais, os veh\u00edculos que utilizan este combustible te\u00f1en a etiqueta ECO da Direcci\u00f3n Xeral de Tr\u00e1fico, polo que gozan de diversas vantaxes como a libre circulaci\u00f3n no centro das grandes cidades como Madrid ou Barcelona ou en per\u00edodos de restrici\u00f3ns de acceso por episodios de alta contaminaci\u00f3n, incentivos fiscais ou bonificaci\u00f3ns nas zonas de estacionamento regulado, entre outras.<\/p><p>ECO-G tam\u00e9n \u00e9 un combustible para mobilidade moi competitivo dende o punto de vista econ\u00f3mico se se compara co gas\u00f3leo e a gasolina, e p\u00f3dense acadar aforros de entre o 25 % e o 50 %, en funci\u00f3n da soluci\u00f3n adoptada.<\/p><p>Segundo datos de GASNAM, o parque de veh\u00edculos de gas natural continuou crecendo no noso pa\u00eds e pechou o pasado exercicio con case 30.000 unidades, un 25 % m\u00e1is que en 2019. O incremento m\u00e1is notable produciuse no segmento dos turismos, que creceu un 30 %, seguido polo das furgonetas, que xa se achega as 5.400 unidades, un 27 % m\u00e1is.[\/vc_column_text][\/vc_column][\/vc_row]<\/p><\/div>","protected":false},"excerpt":{"rendered":"<p>Durante o pasado ano, seguimos avanzando no noso compromiso coa transici\u00f3n enerx\u00e9tica ao vehicular a trav\u00e9s das nosas redes 1.262 GWh de gas natural que se destinaron a mobilidade sostible.<\/p>\n","protected":false},"featured_media":12072,"parent":0,"menu_order":0,"template":"","categories":[142],"categoria_actualidad_nedgia":[284],"class_list":["post-15434","sala-de-prensa","type-sala-de-prensa","status-publish","has-post-thumbnail","hentry","category-mobilidade","categoria_actualidad_nedgia-mobilidade"],"acf":[],"_links":{"self":[{"href":"https:\/\/www.nedgia.es\/gl\/wp-json\/wp\/v2\/sala-de-prensa\/15434","targetHints":{"allow":["GET"]}}],"collection":[{"href":"https:\/\/www.nedgia.es\/gl\/wp-json\/wp\/v2\/sala-de-prensa"}],"about":[{"href":"https:\/\/www.nedgia.es\/gl\/wp-json\/wp\/v2\/types\/sala-de-prensa"}],"version-history":[{"count":0,"href":"https:\/\/www.nedgia.es\/gl\/wp-json\/wp\/v2\/sala-de-prensa\/15434\/revisions"}],"wp:featuredmedia":[{"embeddable":true,"href":"https:\/\/www.nedgia.es\/gl\/wp-json\/wp\/v2\/media\/12072"}],"wp:attachment":[{"href":"https:\/\/www.nedgia.es\/gl\/wp-json\/wp\/v2\/media?parent=15434"}],"wp:term":[{"taxonomy":"category","embeddable":true,"href":"https:\/\/www.nedgia.es\/gl\/wp-json\/wp\/v2\/categories?post=15434"},{"taxonomy":"categoria_actualidad_nedgia","embeddable":true,"href":"https:\/\/www.nedgia.es\/gl\/wp-json\/wp\/v2\/categoria_actualidad_nedgia?post=15434"}],"curies":[{"name":"wp","href":"https:\/\/api.w.org\/{rel}","templated":true}]}}