{"id":15456,"date":"2023-10-06T15:17:38","date_gmt":"2023-10-06T13:17:38","guid":{"rendered":"https:\/\/www.nedgia.es\/sala-de-prensa\/colaboramos-con-fegeca-na-promocion-do-gas-renovable-e-as-solucions-eficientes-a-gas\/"},"modified":"2023-10-06T15:17:38","modified_gmt":"2023-10-06T13:17:38","slug":"colaboramos-con-fegeca-na-promocion-do-gas-renovable-e-as-solucions-eficientes-a-gas","status":"publish","type":"sala-de-prensa","link":"https:\/\/www.nedgia.es\/gl\/actualidade-nedgia\/colaboramos-con-fegeca-na-promocion-do-gas-renovable-e-as-solucions-eficientes-a-gas\/","title":{"rendered":"Colaboramos con FEGECA na promoci\u00f3n do gas renovable e as soluci\u00f3ns eficientes a gas"},"content":{"rendered":"<div class=\"wpb-content-wrapper\"><script>    var municipio_no_encontrado = \"Municipio no encontrado.\";    var direccion_no_encontrada = \"Direcci\u00f3n no encontrada. No utilices el tipo de v\u00eda como calle, avenida etc. y revisa que est\u00e1 bien escrito.\";        var piso_no_encontrado = \"Piso no encontrado.\";    var campo_obligatorio = \"Campo obligatorio.\";    var email_incorrecto = \"El campo deber\u00eda ser direccion@dominio.es\";    var formato_incorrecto = \"Formato incorrecto\";    var seleccionar_condiciones = \"Debe seleccionar las condiciones legales.\";    var formato_dni = \"El campo deber\u00eda tener el siguiente formato: 12345678Z o Y8237411K\";    var emails_no_coinciden = \"Los emails no coinciden.\";    var telefono_caracteres = \"El tel\u00e9fono debe tener 9 caracteres.\";    var campo_incorrecto = \"Campo incorrecto\";    var escalera = \"Escalera\";    var bloque = \"Bloque\";    var piso = \"Piso\";    var puerta = \"Puerta\";    var NoZonaNedgia = \"Lo sentimos pero tu domicilio no est\u00e1 en la zona donde Nedgia\u00a0 distribuye gas natural. Encuentra la Empresa Distribuidora que te corresponde en el siguiente \";        var link =  \"link\";    var aqui =  \"aqu\u00ed\";    var FincaNoInmuebleCertificadoNo_1 = \"Nos consta que ya tienes gas natural en tu finca. Ahora el siguiente paso ser\u00e1 realizar la instalaci\u00f3n en tu vivienda, contactando con un instalador autorizado. Te explicamos como hacerlo \";    var FincaNoInmuebleCertificadoNo_2 = \"Si la informaci\u00f3n de nuestro sistema no la consideras correcta, ll\u00e1manos al 900 100 252.\";    var FincaEInmueble_1 = \"Nos consta que ya dispones de suministro de gas natural en tu domicilio.\";    var FincaEInmueble_2 = \"Si la informaci\u00f3n de nuestro sistema no la consideras correcta, ll\u00e1manos al 900 100 252.\";        var FincaNoInmuebleCertificadoSi_1 = \"Nos consta que ya tienes la instalaci\u00f3n de gas natural en tu domicilio realizada. Ahora solo te falta gestionar el contrato de gas natural con una empresa comercializadora. Te explicamos como hacerlo. \";    var FincaNoInmuebleCertificadoSi_2 = \"Si la informaci\u00f3n de nuestro sistema no la consideras correcta, ll\u00e1manos al 900 100 252.\";    var SelecNum = \"Selec. Num.\";    var SelecBloqueEscalera = \"Selec. Bloque Escalera Piso Puerta\";    var NumeroPiso = \"N\u00famero\";    var BloqueEscaleraPisoPuerta = \"Bloque Escalera Piso Puerta\";<\/script><script>    var municipio_no_encontrado = \"Municipio no encontrado.\";    var direccion_no_encontrada = \"Direcci\u00f3n no encontrada. No utilices el tipo de v\u00eda como calle, avenida etc. y revisa que est\u00e1 bien escrito.\";    var piso_no_encontrado = \"Piso no encontrado.\";    var campo_obligatorio = \"Campo obligatorio.\";    var email_incorrecto = \"El campo deber\u00eda ser direccion@dominio.es\";    var formato_incorrecto = \"Formato incorrecto\";    var seleccionar_politica_privacidad = \"Debe seleccionar los t\u00e9rminos y condiciones.\";    var seleccionar_condiciones = \"Debe seleccionar las condiciones legales.\";    var formato_dni = \"El campo deber\u00eda tener el siguiente formato: 12345678Z o Y8237411K\";    var emails_no_coinciden = \"Los emails no coinciden.\";    var telefono_caracteres = \"El tel\u00e9fono debe tener 9 caracteres.\";    var campo_incorrecto = \"Campo incorrecto\";    var escalera = \"Escalera\";    var bloque = \"Bloque\";    var piso = \"Piso\";    var puerta = \"Puerta\";    var NoZonaNedgia = \"Lo sentimos pero tu domicilio no est\u00e1 en la zona donde Nedgia\u00a0 distribuye gas natural. Encuentra la Empresa Distribuidora que te corresponde en el siguiente \";    var link = \"link\";    var aqui = \"aqu\u00ed\";    var FincaNoInmuebleCertificadoNo_1 = \"Nos consta que ya tienes gas natural en tu finca. Ahora el siguiente paso ser\u00e1 realizar la instalaci\u00f3n en tu vivienda, contactando con un instalador autorizado. Te explicamos como hacerlo \";    var FincaNoInmuebleCertificadoNo_2 = \"Si la informaci\u00f3n de nuestro sistema no la consideras correcta, ll\u00e1manos al 900 100 252.\";    var FincaEInmueble_1 = \"Nos consta que ya dispones de suministro de gas natural en tu domicilio.\";    var FincaEInmueble_2 = \"Si la informaci\u00f3n de nuestro sistema no la consideras correcta, ll\u00e1manos al 900 100 252.\";    var FincaNoInmuebleCertificadoSi_1 = \"Nos consta que ya tienes la instalaci\u00f3n de gas natural en tu domicilio realizada. Ahora solo te falta gestionar el contrato de gas natural con una empresa comercializadora. Te explicamos como hacerlo. \";    var FincaNoInmuebleCertificadoSi_2 = \"Si la informaci\u00f3n de nuestro sistema no la consideras correcta, ll\u00e1manos al 900 100 252.\";    var SelecNum = \"Selec. Num.\";    var SelecBloqueEscalera = \"Selec. Bloque Escalera Piso Puerta\";    var NumeroPiso = \"N\u00famero\";    var BloqueEscaleraPisoPuerta = \"Bloque Escalera Piso Puerta\";<\/script><p>O presidente de FEGECA (Asociaci\u00f3n de Fabricantes de Xeradores e Emisores de Calor) Nicol\u00e1s Klingenberg, e a nosa directora de Estratexia Comercial e Transformaci\u00f3n, Elena Longarela, asinaron un acordo de colaboraci\u00f3n para a promoci\u00f3n do gas renovable e soluci\u00f3ns eficientes a gas.<br \/>[vc_row][vc_column][vc_column_text]O acordo pon de manifesto o compromiso de ambas as d\u00faas entidades co desenvolvemento profesional dos sectores aos que representan no \u00e1mbito da enerx\u00eda, a climatizaci\u00f3n, a refrixeraci\u00f3n e os servizos relacionados coa calefacci\u00f3n e a produci\u00f3n de auga quente sanitaria.<\/p><p>D. Nicol\u00e1s Klingenberg, Presidente de FEGECA, e Dna. Elena Longarela L\u00f3pez, Directora de Estratexia Comercial e Transformaci\u00f3n de NEDGIA, valoran de xeito moi positivo a alianza, que sup\u00f3n un esforzo conxunto por impulsar soluci\u00f3ns innovadoras no \u00e1mbito enerx\u00e9tico, en li\u00f1a co firme compromiso de ambas as d\u00faas entidades co desenvolvemento sustentable a transici\u00f3n enerx\u00e9tica e a achega de valor \u00e1 sociedade. No marco da colaboraci\u00f3n, est\u00e1n previstas acci\u00f3ns divulgativas sobre o gas renovable, a promoci\u00f3n de equipos eficientes e soluci\u00f3ns t\u00e9cnicas a gas e a celebraci\u00f3n de xornadas t\u00e9cnicas, entre outros.[\/vc_column_text][\/vc_column][\/vc_row][vc_row][vc_column][vc_column_text]<\/p><h3><i>Sobre\u00a0FEGECA<\/i><\/h3><p><i>FEGECA leva agrupando m\u00e1is de 40 anos os fabricantes de xeradores e emisores de calor con actividade en Espa\u00f1a para xestionar e defender os seus intereses. Ao longo da s\u00faa traxectoria, foi e \u00e9 moi relevante o seu labor como grupo de influencia nas Administraci\u00f3ns P\u00fablicas, velando para que a normativa e a lexislaci\u00f3n que afecta ao sector xere o impacto adecuado para os intereses dos seus asociados. Tam\u00e9n salienta a s\u00faa funci\u00f3n como organizaci\u00f3n de referencia no seu \u00e1mbito de cara a medios de comunicaci\u00f3n, opini\u00f3n p\u00fablica e cidadan\u00eda. Ademais, est\u00e1 presente en todos aqueles foros relacionados cos sectores que aglutina e participando activamente en numerosos grupos de traballo, todo iso enfocado a defender e potenciar a actividade dos seus asociados.<\/i><\/p><p><i>Ademais, FEGECA at\u00f3pase representada en Europa a trav\u00e9s da EHI (European Heating Industry).<\/i>[\/vc_column_text][\/vc_column][\/vc_row]<\/p><\/div>","protected":false},"excerpt":{"rendered":"<p>O presidente de FEGECA (Asociaci\u00f3n de Fabricantes de Xeradores e Emisores de Calor) Nicol\u00e1s Klingenberg, e a nosa directora de Estratexia Comercial e Transformaci\u00f3n, Elena Longarela, asinaron un acordo de colaboraci\u00f3n para a promoci\u00f3n do gas renovable e soluci\u00f3ns eficientes a gas.<\/p>\n","protected":false},"featured_media":4717,"parent":0,"menu_order":0,"template":"","categories":[68],"categoria_actualidad_nedgia":[275],"class_list":["post-15456","sala-de-prensa","type-sala-de-prensa","status-publish","has-post-thumbnail","hentry","category-corporativo","categoria_actualidad_nedgia-corporativo"],"acf":[],"_links":{"self":[{"href":"https:\/\/www.nedgia.es\/gl\/wp-json\/wp\/v2\/sala-de-prensa\/15456","targetHints":{"allow":["GET"]}}],"collection":[{"href":"https:\/\/www.nedgia.es\/gl\/wp-json\/wp\/v2\/sala-de-prensa"}],"about":[{"href":"https:\/\/www.nedgia.es\/gl\/wp-json\/wp\/v2\/types\/sala-de-prensa"}],"version-history":[{"count":0,"href":"https:\/\/www.nedgia.es\/gl\/wp-json\/wp\/v2\/sala-de-prensa\/15456\/revisions"}],"wp:featuredmedia":[{"embeddable":true,"href":"https:\/\/www.nedgia.es\/gl\/wp-json\/wp\/v2\/media\/4717"}],"wp:attachment":[{"href":"https:\/\/www.nedgia.es\/gl\/wp-json\/wp\/v2\/media?parent=15456"}],"wp:term":[{"taxonomy":"category","embeddable":true,"href":"https:\/\/www.nedgia.es\/gl\/wp-json\/wp\/v2\/categories?post=15456"},{"taxonomy":"categoria_actualidad_nedgia","embeddable":true,"href":"https:\/\/www.nedgia.es\/gl\/wp-json\/wp\/v2\/categoria_actualidad_nedgia?post=15456"}],"curies":[{"name":"wp","href":"https:\/\/api.w.org\/{rel}","templated":true}]}}